{"id":1026,"date":"2025-01-31T09:20:38","date_gmt":"2025-01-31T09:20:38","guid":{"rendered":"https:\/\/www.stipruskunas.lt\/index.php\/2025\/01\/31\/alytaus-jaunimas-su-negalia-zaide-kartu-su-vilniaus-ryto-krepsininkais\/"},"modified":"2025-01-31T09:20:38","modified_gmt":"2025-01-31T09:20:38","slug":"alytaus-jaunimas-su-negalia-zaide-kartu-su-vilniaus-ryto-krepsininkais","status":"publish","type":"post","link":"https:\/\/www.stipruskunas.lt\/index.php\/2025\/01\/31\/alytaus-jaunimas-su-negalia-zaide-kartu-su-vilniaus-ryto-krepsininkais\/","title":{"rendered":"Alytaus jaunimas su negalia \u017eaid\u0117 kartu su Vilniaus \u201eRyto\u201c krep\u0161ininkais"},"content":{"rendered":"<p> <br \/>\n<\/p>\n<div>\n<div id=\"ez-toc-container\" class=\"ez-toc-v2_0_82_2 counter-hierarchy ez-toc-counter ez-toc-grey ez-toc-container-direction\">\n<div class=\"ez-toc-title-container\">\n<p class=\"ez-toc-title\" style=\"cursor:inherit\">Turinys:<\/p>\n<span class=\"ez-toc-title-toggle\"><a href=\"#\" class=\"ez-toc-pull-right ez-toc-btn ez-toc-btn-xs ez-toc-btn-default ez-toc-toggle\" aria-label=\"Toggle Table of Content\"><span class=\"ez-toc-js-icon-con\"><span class=\"\"><span class=\"eztoc-hide\" style=\"display:none;\">Toggle<\/span><span class=\"ez-toc-icon-toggle-span\"><svg style=\"fill: #999;color:#999\" xmlns=\"http:\/\/www.w3.org\/2000\/svg\" class=\"list-377408\" width=\"20px\" height=\"20px\" viewBox=\"0 0 24 24\" fill=\"none\"><path d=\"M6 6H4v2h2V6zm14 0H8v2h12V6zM4 11h2v2H4v-2zm16 0H8v2h12v-2zM4 16h2v2H4v-2zm16 0H8v2h12v-2z\" fill=\"currentColor\"><\/path><\/svg><svg style=\"fill: #999;color:#999\" class=\"arrow-unsorted-368013\" xmlns=\"http:\/\/www.w3.org\/2000\/svg\" width=\"10px\" height=\"10px\" viewBox=\"0 0 24 24\" version=\"1.2\" baseProfile=\"tiny\"><path d=\"M18.2 9.3l-6.2-6.3-6.2 6.3c-.2.2-.3.4-.3.7s.1.5.3.7c.2.2.4.3.7.3h11c.3 0 .5-.1.7-.3.2-.2.3-.5.3-.7s-.1-.5-.3-.7zM5.8 14.7l6.2 6.3 6.2-6.3c.2-.2.3-.5.3-.7s-.1-.5-.3-.7c-.2-.2-.4-.3-.7-.3h-11c-.3 0-.5.1-.7.3-.2.2-.3.5-.3.7s.1.5.3.7z\"\/><\/svg><\/span><\/span><\/span><\/a><\/span><\/div>\n<nav><ul class='ez-toc-list ez-toc-list-level-1 ' ><li class='ez-toc-page-1 ez-toc-heading-level-2'><a class=\"ez-toc-link ez-toc-heading-1\" href=\"https:\/\/www.stipruskunas.lt\/index.php\/2025\/01\/31\/alytaus-jaunimas-su-negalia-zaide-kartu-su-vilniaus-ryto-krepsininkais\/#Imone_%E2%80%9ESatchel%E2%80%9C_ir_Vilniaus_%E2%80%9ERytas%E2%80%9C_suvienijo_jegas_pries_atskirti\" >\u012emon\u0117 \u201eSatchel\u201c ir Vilniaus \u201eRytas\u201c suvienijo j\u0117gas prie\u0161 atskirt\u012f<\/a><\/li><li class='ez-toc-page-1 ez-toc-heading-level-2'><a class=\"ez-toc-link ez-toc-heading-2\" href=\"https:\/\/www.stipruskunas.lt\/index.php\/2025\/01\/31\/alytaus-jaunimas-su-negalia-zaide-kartu-su-vilniaus-ryto-krepsininkais\/#Svarbiausia_laikas_drauge_ir_demesys\" >Svarbiausia laikas drauge ir d\u0117mesys<\/a><\/li><\/ul><\/nav><\/div>\n<h2 id=\"\u012fmon\u0117-satchel-ir-vilniaus-rytas-suvienijo-j\u0117gas-prie\u0161-atskirt\u012f\"><span class=\"ez-toc-section\" id=\"Imone_%E2%80%9ESatchel%E2%80%9C_ir_Vilniaus_%E2%80%9ERytas%E2%80%9C_suvienijo_jegas_pries_atskirti\"><\/span>\u012emon\u0117 \u201eSatchel\u201c ir Vilniaus \u201eRytas\u201c suvienijo j\u0117gas prie\u0161 atskirt\u012f<span class=\"ez-toc-section-end\"><\/span><\/h2>\n<p>Sausio 26 dien\u0105, sekmadien\u012f, finansini\u0173 technologij\u0173 \u012fmon\u0117 \u201eSatchel\u201c ir Vilniaus \u201eRyto\u201c komanda sub\u016br\u0117 jaunim\u0105 su negalia \u012f nuotaiking\u0105 krep\u0161inio \u017eaidim\u0105 \u201eActive Vilnius\u201c arenoje. Specialios \u201emasterclass\u201c treniruot\u0117s dalyviais tapo ir Ne\u012fgali\u0173j\u0173 ir j\u0173 t\u0117v\u0173 bei glob\u0117j\u0173 asociacijos \u201eMirabilia\u201c jaunimas su negalia ir j\u0173 artimieji i\u0161 Alytaus.<\/p>\n<p>\u0160is renginys, pavadintas \u201eTogether Agaist Exclusion\u201c (Drauge \u2013 prie\u0161 atskirt\u012f), yra ne vienus metus trunkan\u010dios \u201eSatchel\u201c ir \u201eRyto\u201c partneryst\u0117s t\u0119sinys. Abi organizacijos aktyviai veikia socialin\u0117s atsakomyb\u0117s srityje, vadovaudamosi tomis pa\u010diomis vertyb\u0117mis: kad ir skirtingi, mes visi esame viena bendruomen\u0117, o \u012ftraukt\u012f sukuria konkret\u016bs veiksmai.<\/p>\n<div class=\"g g-25\">\n<p>MN 15 | Straipsnio vidus 1 pragrafas | 969&#215;200<\/p>\n<\/div>\n<p>Sekmadienio popiet\u0117 krep\u0161inio aik\u0161tel\u0117je d\u017eiaugsmo suteik\u0117 visiems: \u201eRyto\u201c treneriai ved\u0117 u\u017eduotis, o jaunuoliai su negalia i\u0161 Alytaus aktyviai \u012fsitrauk\u0117 \u012f \u017eaidim\u0105 drauge su \u201eRyto\u201c krep\u0161ininkais.<\/p>\n<h2 id=\"svarbiausia-laikas-drauge-ir-d\u0117mesys\"><span class=\"ez-toc-section\" id=\"Svarbiausia_laikas_drauge_ir_demesys\"><\/span>Svarbiausia laikas drauge ir d\u0117mesys<span class=\"ez-toc-section-end\"><\/span><\/h2>\n<p>\u201eSatchel\u201c vadovo Sergiy Barybin nuomone, itin svarbu, kad kuo daugiau versl\u0173 finansi\u0161kai remt\u0173 \u017emones su negalia, bet lygiaver\u010diai svarbus laikas drauge ir d\u0117mesys. \u201eTai diena m\u016bs\u0173 gyvenime, bet visiems, su kuriais leidome laik\u0105 \u0161ioje krep\u0161inio treniruot\u0117je, tikiu, liks geri prisiminimai ir bendryst\u0117s jausmas. Atskirtis ma\u017einama, kai ie\u0161kome tarpusavio ry\u0161io, o ne laukiame prog\u0173, kuri\u0173 savaime galb\u016bt ir neatsiras. Mums tai \u0161ilta ir prasminga patirtis.\u201c<\/p>\n<p>Vilniaus \u201eRyto\u201c direktorius Jaroslav Latu\u0161inskij sak\u0117: \u201eTokia diena kaip \u0161i primena, kad krep\u0161inis ir komandi\u0161kumas yra daugiau nei \u017eaidimas. Sportas tampa tik pretekstu sukurti i\u0161skirtines akimirkas, stiprinti tarpusavio ry\u0161ius ir \u0161v\u0119sti bendrum\u0105. D\u017eiaugiam\u0117s kartu su savo partneriais, gal\u0117dami dovanoti \u0161ypsenas ir savo laik\u0105 \u017emon\u0117ms, kuriems jo labai reikia.\u201c<br \/>Asociacijos \u201eMirabilia\u201c vadov\u0117 Gitana Pinkevi\u010dien\u0117 po renginio dalijosi \u012fsp\u016bd\u017eiais: \u201eVisi buvo \u012ftraukti \u012f \u017eaidim\u0105, patys krep\u0161ininkai greitai prisitaikydavo prie jaunuoli\u0173 galimybi\u0173. Toks d\u0117mesys ir supratimas labiausiai d\u017eiugino. Jaunimui, ypa\u010d su sunkia negalia, Lietuvoje itin tr\u016bksta laisvalaikio veikl\u0173. Prie\u017eas\u010di\u0173 daug: ir prieinamumo, ir finans\u0173 tr\u016bkumas, ta\u010diau labiausiai li\u016bdina vis dar didelis visuomen\u0117s atst\u016bmimas. O tokie renginiai kaip \u0161is parodo, kad panor\u0117jus n\u0117ra sunku priimti \u017emog\u0173 su negalia.\u201c<\/p>\n<p>\u201eSatchel\u201c Lietuvos Banko licencijuota elektronini\u0173 pinig\u0173 \u012fstaiga, teikianti skaitmenin\u0117s bankininkyst\u0117s paslaugas ir vykdanti socialin\u0117s atsakomyb\u0117s veiklas aplinkosaugos bei filantropijos srityse.<\/p>\n<p>Vilniaus \u201eRytas\u201c sostin\u0117s krep\u0161inio komanda, kas m\u0117nes\u012f organizuojanti temin\u0119 socialin\u0117s atsakomyb\u0117s kampanij\u0105 pavadinimu \u201eTogether Agaist All\u201c.<br \/>Ne\u012fgali\u0173j\u0173 ir j\u0173 t\u0117v\u0173 bei glob\u0117j\u0173 asociacija \u201eMirabilia\u201c vienija Alytuje gyvenan\u010dius jaunuolius su negalia ir j\u0173 artimuosius, organizuoja renginius, teikia sociokult\u016brines paslaugas ir \u00a0psichologin\u0119 param\u0105 \u0161eimoms.<\/p>\n<hr\/>\n<p><em>Nuotraukos Indr\u0117s Cibulskait\u0117s ir Ingos Pau\u017eien\u0117s<\/em><\/p>\n<p><em>Ne\u012fgali\u0173j\u0173 ir j\u0173 t\u0117v\u0173 bei glob\u0117j\u0173 asociacijos MIRABILIA<br \/>vadov\u0117 Gitana Pinkevi\u010dien\u0117<br \/>Tel. Nr. 067392619<\/em><\/p>\n<\/div>\n<p><script>(function(d, s, id) {\nvar js, fjs = d.getElementsByTagName(s)[0];\nif (d.getElementById(id)) return;\njs = d.createElement(s); js.id = id;\njs.src = \"\/\/connect.facebook.net\/lt_LT\/sdk.js#xfbml=1&version=v2.10\";\nfjs.parentNode.insertBefore(js, fjs);\n}(document, 'script', 'facebook-jssdk'));<\/script><br \/>\n<br \/><br \/>\n<br \/><a href=\"https:\/\/miestonaujienos.lt\/alytaus-jaunimas-su-negalia-zaide-kartu-su-vilniaus-ryto-krepsininkais\/\">Source link <\/a><\/p>\n","protected":false},"excerpt":{"rendered":"<p>\u012emon\u0117 \u201eSatchel\u201c ir Vilniaus \u201eRytas\u201c suvienijo j\u0117gas prie\u0161 atskirt\u012f Sausio 26 dien\u0105, sekmadien\u012f, finansini\u0173 technologij\u0173 \u012fmon\u0117 \u201eSatchel\u201c ir Vilniaus \u201eRyto\u201c komanda sub\u016br\u0117 jaunim\u0105 su negalia \u012f nuotaiking\u0105 krep\u0161inio \u017eaidim\u0105 \u201eActive Vilnius\u201c arenoje. Specialios \u201emasterclass\u201c treniruot\u0117s dalyviais tapo ir Ne\u012fgali\u0173j\u0173 ir j\u0173 t\u0117v\u0173 bei glob\u0117j\u0173 asociacijos \u201eMirabilia\u201c jaunimas su negalia ir j\u0173 artimieji i\u0161 Alytaus. \u0160is [&hellip;]<\/p>\n","protected":false},"author":1,"featured_media":1027,"comment_status":"","ping_status":"","sticky":false,"template":"","format":"standard","meta":{"om_disable_all_campaigns":false,"_monsterinsights_skip_tracking":false,"_monsterinsights_sitenote_active":false,"_monsterinsights_sitenote_note":"","_monsterinsights_sitenote_category":0,"footnotes":""},"categories":[848],"tags":[1081,2141,2144,2146,2142,2145,1783,2143],"class_list":["post-1026","post","type-post","status-publish","format-standard","has-post-thumbnail","hentry","category-sportas-salyje","tag-alytaus","tag-jaunimas","tag-kartu","tag-krepsininkais","tag-negalia","tag-ryto","tag-vilniaus","tag-zaide"],"aioseo_notices":[],"_links":{"self":[{"href":"https:\/\/www.stipruskunas.lt\/index.php\/wp-json\/wp\/v2\/posts\/1026","targetHints":{"allow":["GET"]}}],"collection":[{"href":"https:\/\/www.stipruskunas.lt\/index.php\/wp-json\/wp\/v2\/posts"}],"about":[{"href":"https:\/\/www.stipruskunas.lt\/index.php\/wp-json\/wp\/v2\/types\/post"}],"author":[{"embeddable":true,"href":"https:\/\/www.stipruskunas.lt\/index.php\/wp-json\/wp\/v2\/users\/1"}],"replies":[{"embeddable":true,"href":"https:\/\/www.stipruskunas.lt\/index.php\/wp-json\/wp\/v2\/comments?post=1026"}],"version-history":[{"count":0,"href":"https:\/\/www.stipruskunas.lt\/index.php\/wp-json\/wp\/v2\/posts\/1026\/revisions"}],"wp:featuredmedia":[{"embeddable":true,"href":"https:\/\/www.stipruskunas.lt\/index.php\/wp-json\/wp\/v2\/media\/1027"}],"wp:attachment":[{"href":"https:\/\/www.stipruskunas.lt\/index.php\/wp-json\/wp\/v2\/media?parent=1026"}],"wp:term":[{"taxonomy":"category","embeddable":true,"href":"https:\/\/www.stipruskunas.lt\/index.php\/wp-json\/wp\/v2\/categories?post=1026"},{"taxonomy":"post_tag","embeddable":true,"href":"https:\/\/www.stipruskunas.lt\/index.php\/wp-json\/wp\/v2\/tags?post=1026"}],"curies":[{"name":"wp","href":"https:\/\/api.w.org\/{rel}","templated":true}]}}