{"id":1085,"date":"2025-02-11T22:04:47","date_gmt":"2025-02-11T22:04:47","guid":{"rendered":"https:\/\/www.stipruskunas.lt\/index.php\/2025\/02\/11\/europos-moteru-zoles-riedulio-elitas-po-10-metu-grizta-i-siaulius\/"},"modified":"2025-02-11T22:04:47","modified_gmt":"2025-02-11T22:04:47","slug":"europos-moteru-zoles-riedulio-elitas-po-10-metu-grizta-i-siaulius","status":"publish","type":"post","link":"https:\/\/www.stipruskunas.lt\/index.php\/2025\/02\/11\/europos-moteru-zoles-riedulio-elitas-po-10-metu-grizta-i-siaulius\/","title":{"rendered":"Europos moter\u0173 \u017eol\u0117s riedulio elitas po 10 met\u0173 gr\u012f\u017eta \u012f \u0160iaulius"},"content":{"rendered":"<p> <br \/>\n<\/p>\n<p><\/p>\n<div class=\"article-summary mb-4\">2025 m. vasario 14\u201316 dienomis \u0160iauliuose vyks ypatingas sporto renginys \u2013 Europos moter\u0173 \u017eol\u0117s riedulio u\u017edar\u0173 patalp\u0173 \u010dempionatas. Rungtyn\u0117s vyks \u0160iauli\u0173 sporto gimnazijos sporto komplekse, kur susirinks TOP8 Europos \u017eol\u0117s riedulio komandos, tarp j\u0173 ir vietin\u0117 komanda \u0160iauli\u0173 \u201eGinstrekt\u0117\u201c.<\/div>\n<div class=\"article-content my-0\">\n<p>A grup\u0117je kovos Lietuvos, Belgijos, Vokietijos ir Ispanijos komandos, o B grup\u0117je \u2013 \u010cekijos, Ukrainos, Turkijos ir Olandijos \u0161ali\u0173 geriausi\u0173 klub\u0173 komandos.<\/p>\n<figure id=\"attachment_301094\" aria-describedby=\"caption-attachment-301094\" style=\"width: 1230px\" class=\"wp-caption aligncenter\"><img decoding=\"async\" loading=\"lazy\" class=\"size-full wp-image-301094\" src=\"https:\/\/miestonaujienos.lt\/wp-content\/uploads\/2025\/02\/eurohockey2025-event.jpg\" alt=\"\" width=\"1230\" height=\"692\" \/><figcaption id=\"caption-attachment-301094\" class=\"wp-caption-text\">\u2022 Eurohockey 2025 anonsas<\/figcaption><\/figure>\n<p>Renginys bus ne tik sporto \u0161vent\u0117, bet ir puiki proga \u017eol\u0117s riedulio entuziastams pamatyti auk\u0161\u010diausio lygio sportininki\u0173 \u017eaidim\u0105.<\/p>\n<blockquote>\n<p>\u201eVis\u0173 pirma, tai, labai did\u017eiuojuosi m\u016bs\u0173 komanda. Nepaisant to, kokie sunkumai mums m\u0117gina ki\u0161ti pagalius \u012f ratus, mes sugebame juos \u012fveikti. Po ideali\u0173 pra\u0117jusi\u0173 met\u0173, kai v\u0117l sugr\u012f\u017eome \u012f Europos \u201eelit\u0105\u201c, mes labai atsakingai ruo\u0161\u0117m\u0117s naujiems i\u0161\u0161\u016bkiams. Ta\u010diau jau dabar matome, kad d\u0117l \u012fvairi\u0173 prie\u017eas\u010di\u0173 pavyko suburti ne visas pa\u010dias paj\u0117giausias komandos nares. Nenukabiname nosies, o v\u0117l susitelk\u0119 dar stipriau ruo\u0161iam\u0117s ir pa\u017eadame nuo\u017emi\u0105 kov\u0105 visoms elitin\u0117ms Europos \u017eol\u0117s riedulio komandoms. Stebime jaun\u0105sias \u017eaid\u0117jas ir tikim\u0117s rimtos paspirties i\u0161 j\u0173, o m\u016bs\u0173 pagrindin\u0117 j\u0117ga \u2013 tai ilgamet\u0117s \u017eaid\u0117jos: Donata Grigien\u0117, Dovil\u0117 Kuklien\u0117, Raminta Peskov\u0117, Karolina Raulinaityt\u0117. Nor\u0117t\u0173si prie\u0161 savus \u017ei\u016brovus pasirodyti kuo geriau, ta\u010diau tai kelia ir papildom\u0105 jaudul\u012f bei atsakomyb\u0119. Stengsim\u0117s, kovosime \u2013 nusiteikimas maksimalus, ta\u010diau su \u0161iokiu tokiu nerimo prieskoniu\u201c, \u2013 pasakojo komandos vyriausiasis treneris Vaidotas Vai\u010deli\u016bnas.<\/p>\n<\/blockquote>\n<p>Turnyro svarb\u0105 pabr\u0117\u017e\u0117 ir viena \u0160iauli\u0173 komandos lyderi\u0173 Donata Grigien\u0117:<\/p>\n<blockquote>\n<p>\u201ePo pra\u0117jusi\u0173 met\u0173 d\u017eiaugsmo, kai i\u0161kovojome kelialap\u012f \u012f auk\u0161\u010diausi\u0105 divizion\u0105, \u0161iemet jau \u0161iek tiek su nerimu jo laukiam, kadangi jau senokai komanda n\u0117ra \u017eaidusi tokiame auk\u0161tame lygyje. Judame, ruo\u0161iam\u0117s, esame susikoncentravusios \u012f konkret\u0173 tiksl\u0105. Visos dirbame papildomai, ruo\u0161iam\u0117s individualiai, kadangi jau\u010diame atsakomyb\u0119 ir suprantame, prie\u0161 kokio lygio komandas teks kovoti. Kvie\u010diame visus ateiti ir palaikyti m\u016bs\u0173 komand\u0105, nes to palaikymo ir papildomos motyvacijos mums tikrai reik\u0117s. Kvie\u010diame visus, kurie myli riedul\u012f, kurie dar n\u0117ra mat\u0119 riedulio \u2013 netgi tuos, kurie kartais linki mums \u201epaslysti\u201c, ateikite \u2013 intrigos ir atkaklios kovos bus, pa\u017eadame. Tad pasi\u017eym\u0117kite vasario 14\u201316 dienas \u2013 mes labai j\u016bs\u0173 lauksime.\u201c<\/p>\n<\/blockquote>\n<figure style=\"width: 1920px\" class=\"wp-caption aligncenter\"><img decoding=\"async\" loading=\"lazy\" src=\"https:\/\/www.siauliai.lt\/upload\/photos\/zodels-riedulio-pristatymas-02-67aa0bf8267ff3.57852111.jpg\" alt=\"\" width=\"1920\" height=\"1280\" \/><figcaption class=\"wp-caption-text\">(Joana Gaidamavi\u010dien\u0117. \u0160iauli\u0173 miesto savivaldyb\u0117s spaudos konferencija, Vitalio Lebed\u017eio nuotrauka)<\/figcaption><\/figure>\n<p>Organizatoriai taip pat deda dideles pastangas, kad renginys vykt\u0173 skland\u017eiai ir palikt\u0173 nepamir\u0161tam\u0105 \u012fsp\u016bd\u012f.<\/p>\n<blockquote>\n<p>\u201ePrab\u0117go beveik penkeri metai, kai mes v\u0117l gr\u012f\u017etame \u012f \u0160iaulius su u\u017edar\u0173 patalp\u0173 Europos klub\u0173 \u017eol\u0117s riedulio \u010dempionatu \u2013 tiesa, \u0161\u012f kart\u0105 su kur kas auk\u0161tesniu divizionu. \u0160iauli\u0173 sporto gimnazijos sporto sal\u0117je susikaus Elitinio Europos diviziono komandos \u2013 Europos TOP 8. Organizuodami tokios apimties ir tokios svarbos rengin\u012f, mes turime labai daug pasiruo\u0161imo darb\u0173. D\u017eiaugiam\u0117s, kad turime daug patikim\u0173 partneri\u0173: \u0160iauli\u0173 regbio ir \u017eol\u0117s riedulio akademij\u0105, \u0160iauli\u0173 sporto gimnazij\u0105, Lietuvos \u017eol\u0117s riedulio federacij\u0105. Mes d\u017eiaugiam\u0117s, kad \u0161is renginys pripa\u017eintas \u0160iauli\u0173 miest\u0105 reprezentuojan\u010diu renginiu, tad gauname dalin\u012f finansavim\u0105 i\u0161 \u0160iauli\u0173 miesto savivaldyb\u0117s. Darb\u0173 daug, viskas kol kas vyksta pagal plan\u0105. M\u016bs\u0173 komandos mergin\u0173 tikslas \u2013 pasiekti geriausi\u0105 form\u0105 ir kuo geriau pasiruo\u0161ti \u010dempionato kovoms, m\u016bs\u0173, kaip organizatori\u0173, tikslas \u2013 pasiekti, kad viskas vykt\u0173 skland\u017eiai ir kad b\u016bt\u0173 pilna sal\u0117 \u017ei\u016brov\u0173\u201c, \u2013 pagrindinius akcentus sud\u0117liojo \u010dempionato organizator\u0117 Joana Gaidamavi\u010dien\u0117.<\/p>\n<\/blockquote>\n<figure style=\"width: 1920px\" class=\"wp-caption aligncenter\"><img decoding=\"async\" loading=\"lazy\" src=\"https:\/\/www.siauliai.lt\/upload\/photos\/zodels-riedulio-pristatymas-03-67aa0c636f6973.76376866.jpg\" alt=\"\" width=\"1920\" height=\"1280\" \/><figcaption class=\"wp-caption-text\">(Samanta Jakovleva. \u0160iauli\u0173 miesto savivaldyb\u0117s spaudos konferencija, Vitalio Lebed\u017eio nuotrauka)<\/figcaption><\/figure>\n<p>Vasario 14\u201316 dienomis laukia \u012fsp\u016bdingas sporto renginys, kuriame ne tik \u0160iauliai, bet ir visa Lietuva tur\u0117s galimyb\u0119 pamatyti \u017eol\u0117s riedulio elit\u0105. Ateikite palaikyti m\u016bs\u0173 komandos ir tapkite \u0161io istorinio \u012fvykio dalimi! Kvie\u010diame pasipuo\u0161ti Lietuvos atributika.<\/p>\n<\/div>\n<div class=\"border-top mt-3 pt-3\"><span style=\"font-size: 10pt\"><em>\u2022 Sporto skyriaus vyr. specialist\u0117 Indr\u0117 Bubelyt\u0117<\/em><\/span><\/div>\n<p>\u2022 Publikacija dalinasi Lietuvos region\u0173 naujien\u0173 portalas \u201eMiesto naujienos\u201c. Naujien\u0105 paskelb\u0117 \u201e\u0160iauli\u0173 miesto savivaldyb\u0117\u201c. Daugiau sau ir savo miestui aktuali\u0173 naujien\u0173 rasite portale www.miestonaujienos.lt.<\/p>\n<p><br \/>\n<br \/><a href=\"https:\/\/miestonaujienos.lt\/europos-moteru-zoles-riedulio-elitas-po-10-metu-grizta-i-siaulius\/\">Source link <\/a><\/p>\n","protected":false},"excerpt":{"rendered":"<p>2025 m. vasario 14\u201316 dienomis \u0160iauliuose vyks ypatingas sporto renginys \u2013 Europos moter\u0173 \u017eol\u0117s riedulio u\u017edar\u0173 patalp\u0173 \u010dempionatas. Rungtyn\u0117s vyks \u0160iauli\u0173 sporto gimnazijos sporto komplekse, kur susirinks TOP8 Europos \u017eol\u0117s riedulio komandos, tarp j\u0173 ir vietin\u0117 komanda \u0160iauli\u0173 \u201eGinstrekt\u0117\u201c. A grup\u0117je kovos Lietuvos, Belgijos, Vokietijos ir Ispanijos komandos, o B grup\u0117je \u2013 \u010cekijos, Ukrainos, Turkijos [&hellip;]<\/p>\n","protected":false},"author":1,"featured_media":1086,"comment_status":"","ping_status":"","sticky":false,"template":"","format":"standard","meta":{"om_disable_all_campaigns":false,"_monsterinsights_skip_tracking":false,"_monsterinsights_sitenote_active":false,"_monsterinsights_sitenote_note":"","_monsterinsights_sitenote_category":0,"footnotes":""},"categories":[848],"tags":[2275,385,590,326,1194,2274,2276,2273],"class_list":["post-1085","post","type-post","status-publish","format-standard","has-post-thumbnail","hentry","category-sportas-salyje","tag-elitas","tag-europos","tag-grizta","tag-metu","tag-moteru","tag-riedulio","tag-siaulius","tag-zoles"],"aioseo_notices":[],"_links":{"self":[{"href":"https:\/\/www.stipruskunas.lt\/index.php\/wp-json\/wp\/v2\/posts\/1085","targetHints":{"allow":["GET"]}}],"collection":[{"href":"https:\/\/www.stipruskunas.lt\/index.php\/wp-json\/wp\/v2\/posts"}],"about":[{"href":"https:\/\/www.stipruskunas.lt\/index.php\/wp-json\/wp\/v2\/types\/post"}],"author":[{"embeddable":true,"href":"https:\/\/www.stipruskunas.lt\/index.php\/wp-json\/wp\/v2\/users\/1"}],"replies":[{"embeddable":true,"href":"https:\/\/www.stipruskunas.lt\/index.php\/wp-json\/wp\/v2\/comments?post=1085"}],"version-history":[{"count":0,"href":"https:\/\/www.stipruskunas.lt\/index.php\/wp-json\/wp\/v2\/posts\/1085\/revisions"}],"wp:featuredmedia":[{"embeddable":true,"href":"https:\/\/www.stipruskunas.lt\/index.php\/wp-json\/wp\/v2\/media\/1086"}],"wp:attachment":[{"href":"https:\/\/www.stipruskunas.lt\/index.php\/wp-json\/wp\/v2\/media?parent=1085"}],"wp:term":[{"taxonomy":"category","embeddable":true,"href":"https:\/\/www.stipruskunas.lt\/index.php\/wp-json\/wp\/v2\/categories?post=1085"},{"taxonomy":"post_tag","embeddable":true,"href":"https:\/\/www.stipruskunas.lt\/index.php\/wp-json\/wp\/v2\/tags?post=1085"}],"curies":[{"name":"wp","href":"https:\/\/api.w.org\/{rel}","templated":true}]}}