{"id":1118,"date":"2025-02-18T22:50:09","date_gmt":"2025-02-18T22:50:09","guid":{"rendered":"https:\/\/www.stipruskunas.lt\/index.php\/2025\/02\/18\/europos-treko-cempionate-pirmieji-lietuvos-jaunuju-dviratininku-startai-elite\/"},"modified":"2025-02-18T22:50:09","modified_gmt":"2025-02-18T22:50:09","slug":"europos-treko-cempionate-pirmieji-lietuvos-jaunuju-dviratininku-startai-elite","status":"publish","type":"post","link":"https:\/\/www.stipruskunas.lt\/index.php\/2025\/02\/18\/europos-treko-cempionate-pirmieji-lietuvos-jaunuju-dviratininku-startai-elite\/","title":{"rendered":"Europos treko \u010dempionate \u2013 pirmieji Lietuvos jaun\u0173j\u0173 dviratinink\u0173 startai elite"},"content":{"rendered":"<p> <br \/>\n<\/p>\n<p><\/p>\n<p>Vasario 12\u201316 d. Belgijoje vykusiame Europos treko \u010dempionate startavusi Lietuvos dvira\u010di\u0173 rinktin\u0117 s\u0117kmingai baig\u0117 5 dienas trukusias \u012fnirtingas kovas d\u0117l \u010dempion\u0173 vardo.<\/p>\n<p>Nors net 3 jaunieji rinktin\u0117s nariai pirm\u0105kart kovojo suaugusi\u0173j\u0173 elito var\u017eybose, o koj\u0105 band\u0117 ki\u0161ti \u016bmios ligos, \u010dempionat\u0105 m\u016bs\u0173 \u0161alies atstovai garbingai baig\u0117 demonstruodami i\u0161tverm\u0119 ir pasis\u0117m\u0119 reikiamos patirties sekantiems sezono startams.<\/p>\n<p>Lietuvai \u010dempionate atstovavo i\u0161 jauni\u0173 \u012f elit\u0105 \u0161vie\u017eiai per\u0117j\u0119 sportininkai Nikolas Klimavi\u010dius ir Lauryna Valiukevi\u010di\u016bt\u0117, devyniolikmetis Eimantas Vadapalas, antrus metus treke intensyviau minanti Akvil\u0117 Gedraityt\u0117, bei jau ne pirmus kartus \u0161iame \u010dempionate rungtyniaujantys dviratininkai Laurynas Vinskas, Migl\u0117 Lendel ir Vasilijus Lendel.<\/p>\n<div id=\"ez-toc-container\" class=\"ez-toc-v2_0_82_2 counter-hierarchy ez-toc-counter ez-toc-grey ez-toc-container-direction\">\n<div class=\"ez-toc-title-container\">\n<p class=\"ez-toc-title\" style=\"cursor:inherit\">Turinys:<\/p>\n<span class=\"ez-toc-title-toggle\"><a href=\"#\" class=\"ez-toc-pull-right ez-toc-btn ez-toc-btn-xs ez-toc-btn-default ez-toc-toggle\" aria-label=\"Toggle Table of Content\"><span class=\"ez-toc-js-icon-con\"><span class=\"\"><span class=\"eztoc-hide\" style=\"display:none;\">Toggle<\/span><span class=\"ez-toc-icon-toggle-span\"><svg style=\"fill: #999;color:#999\" xmlns=\"http:\/\/www.w3.org\/2000\/svg\" class=\"list-377408\" width=\"20px\" height=\"20px\" viewBox=\"0 0 24 24\" fill=\"none\"><path d=\"M6 6H4v2h2V6zm14 0H8v2h12V6zM4 11h2v2H4v-2zm16 0H8v2h12v-2zM4 16h2v2H4v-2zm16 0H8v2h12v-2z\" fill=\"currentColor\"><\/path><\/svg><svg style=\"fill: #999;color:#999\" class=\"arrow-unsorted-368013\" xmlns=\"http:\/\/www.w3.org\/2000\/svg\" width=\"10px\" height=\"10px\" viewBox=\"0 0 24 24\" version=\"1.2\" baseProfile=\"tiny\"><path d=\"M18.2 9.3l-6.2-6.3-6.2 6.3c-.2.2-.3.4-.3.7s.1.5.3.7c.2.2.4.3.7.3h11c.3 0 .5-.1.7-.3.2-.2.3-.5.3-.7s-.1-.5-.3-.7zM5.8 14.7l6.2 6.3 6.2-6.3c.2-.2.3-.5.3-.7s-.1-.5-.3-.7c-.2-.2-.4-.3-.7-.3h-11c-.3 0-.5.1-.7.3-.2.2-.3.5-.3.7s.1.5.3.7z\"\/><\/svg><\/span><\/span><\/span><\/a><\/span><\/div>\n<nav><ul class='ez-toc-list ez-toc-list-level-1 ' ><li class='ez-toc-page-1 ez-toc-heading-level-2'><a class=\"ez-toc-link ez-toc-heading-1\" href=\"https:\/\/www.stipruskunas.lt\/index.php\/2025\/02\/18\/europos-treko-cempionate-pirmieji-lietuvos-jaunuju-dviratininku-startai-elite\/#Pirmi_kartai\" >Pirmi kartai<\/a><\/li><li class='ez-toc-page-1 ez-toc-heading-level-2'><a class=\"ez-toc-link ez-toc-heading-2\" href=\"https:\/\/www.stipruskunas.lt\/index.php\/2025\/02\/18\/europos-treko-cempionate-pirmieji-lietuvos-jaunuju-dviratininku-startai-elite\/#Maksimalios_pastangos\" >Maksimalios pastangos<\/a><\/li><li class='ez-toc-page-1 ez-toc-heading-level-2'><a class=\"ez-toc-link ez-toc-heading-3\" href=\"https:\/\/www.stipruskunas.lt\/index.php\/2025\/02\/18\/europos-treko-cempionate-pirmieji-lietuvos-jaunuju-dviratininku-startai-elite\/#Koja_kiso_ligos\" >Koj\u0105 ki\u0161o ligos<\/a><\/li><li class='ez-toc-page-1 ez-toc-heading-level-2'><a class=\"ez-toc-link ez-toc-heading-4\" href=\"https:\/\/www.stipruskunas.lt\/index.php\/2025\/02\/18\/europos-treko-cempionate-pirmieji-lietuvos-jaunuju-dviratininku-startai-elite\/#Europos_cempionate_%E2%80%93_pagerinti_rekordai\" >Europos \u010dempionate \u2013 pagerinti rekordai<\/a><\/li><\/ul><\/nav><\/div>\n<h2 id='pirmi-kartai'><span class=\"ez-toc-section\" id=\"Pirmi_kartai\"><\/span>Pirmi kartai<span class=\"ez-toc-section-end\"><\/span><\/h2>\n<blockquote>\n<p>\u201eVisi atidav\u0117 tiek, kiek gal\u0117jo ir dar daugiau. Be galo sunku pirm\u0105kart minti su stipresniais ar daugiau patirties turin\u010diais var\u017eovais, atsiranda nenumatyt\u0173 klaid\u0173. Bet tokios patirtys augina, skatina tobul\u0117ti, pamatyti save tarp dar nepa\u017eint\u0173 var\u017eov\u0173 ar i\u0161bandyti dar neva\u017eiuotas rungtis. Manau, kad jaunimui dabar turime labai ai\u0161ki\u0105 perspektyv\u0105, kur link ir kaip toliau augti\u201c, \u2013 apie nauj\u0173j\u0173 sportinink\u0173 pasirodym\u0105 sak\u0117 rinktin\u0117s treneris Dmitrijus Leopoldas.<\/p>\n<\/blockquote>\n<p>\u0160iemet pirm\u0105j\u0105 \u010dempionato dien\u0105 maloniai nustebino Nikolas Klimavi\u010dius, eliminavimo rungtyje peln\u0119s 17-t\u0105 viet\u0105 i\u0161 22 startavusi\u0173. Net kelis kartus Nikolas va\u017eiavo ant i\u0161kritimo ribos, bet vis sugeb\u0117davo aplenkti var\u017eov\u0105.<\/p>\n<blockquote>\n<p>\u201ePirm\u0105 kart\u0105 va\u017eiavau elite, \u017einojau, kad bus sunku, kur galiu <em>paslysti<\/em>, visgi visi\u0161kai klaid\u0173 nepavyko i\u0161vengti. Kaip pirmam startui vertinu visai neblogai\u201c, \u2013 po pirmosios \u010dempionato dienos \u012fsp\u016bd\u017eiais dalinosi Nikolas.<\/p>\n<\/blockquote>\n<blockquote>\n<p>\u201eD\u017eiaugiuosi, kad gal\u0117jau dalyvauti \u010dempionate ir i\u0161vykti su dar didesne patirtimi nei kada nors tur\u0117jau. Taip, dariau klaid\u0173, bet su kiekvienu va\u017eiavimu j\u0173 buvo vis ma\u017eiau. Spaud\u017eiau save, kiek gal\u0117jau, gal net per daug, vis u\u017esimir\u0161damas, kad vis d\u0117lto dar negaliu va\u017eiuoti tokiu lygiu, kaip labiausiai patyr\u0119 Europos elito dviratininkai\u201c, \u2013 \u010dempionato \u012fsp\u016bd\u017eius apibendrino Nikolas.<\/p>\n<\/blockquote>\n<p>Nors antr\u0105j\u0105 dien\u0105 vykusi\u0173 grupini\u0173 rungtyni\u0173 d\u0117l ta\u0161k\u0173 Nikolui pabaigti nepavyko, skre\u010do rungtyje N. Klimavi\u010diui atiteko 23 vieta \u2013 \u010dia jis atlaik\u0117 mil\u017eini\u0161ko grei\u010dio kov\u0105, kur d\u0117l pirmosios vietos kovojo portugalas Luri Leitao ir pranc\u016bzas Vincent Hoppezak.<\/p>\n<h2 id='maksimalios-pastangos'><span class=\"ez-toc-section\" id=\"Maksimalios_pastangos\"><\/span>Maksimalios pastangos<span class=\"ez-toc-section-end\"><\/span><\/h2>\n<p><img decoding=\"async\" loading=\"lazy\" class=\"aligncenter\" src=\"https:\/\/ldsf.lt\/wp-content\/uploads\/2025\/02\/Nikolas-Klimavicius-1024x683.jpg\" alt=\"\" width=\"1024\" height=\"683\" \/><\/p>\n<p>Skre\u010do rungtyje puikiai pasirod\u0117 Akvil\u0117 Gedraityt\u0117, pirm\u0105 kart\u0105 \u0161iame \u010dempionate u\u017eimdama 9-\u0105j\u0105 viet\u0105. Kaip sako pati, maksimalus susikaupimas ir pastangos dav\u0117 puik\u0173 rezultat\u0105.<\/p>\n<p>Eliminavimo var\u017eybose A. Gedraityt\u0117 liko 16-a. Var\u017eybose buvo dvi gri\u016btys, ta\u010diau Akvil\u0117 j\u0173 i\u0161veng\u0117 ir puikiai laik\u0117 lyderi\u0173 pozicijas, visgi d\u0117l technini\u0173 kli\u016b\u010di\u0173 jai teko eliminuotis anks\u010diau, nei gal\u0117jo pagal paj\u0117gum\u0105. Tre\u010di\u0105j\u0105 var\u017eyb\u0173 dien\u0105 omniumo (daugiakov\u0117s) rungtyje A. Gedraityt\u0117 buvo 19 tarp 21 dalyv\u0117s.<\/p>\n<p>1 km lenktyn\u0117se laikui Eimantas Vadapalas peln\u0117 15 viet\u0105 \u2013 tai buvo pirmas Eimanto startas \u0161ioje rungtyje jo karjeroje.<\/p>\n<h2 id='koj\u0105-ki\u0161o-ligos'><span class=\"ez-toc-section\" id=\"Koja_kiso_ligos\"><\/span>Koj\u0105 ki\u0161o ligos<span class=\"ez-toc-section-end\"><\/span><\/h2>\n<p><img decoding=\"async\" loading=\"lazy\" class=\"aligncenter\" src=\"https:\/\/ldsf.lt\/wp-content\/uploads\/2025\/02\/Treneris-D-Leopoldas--1024x683.jpg\" alt=\"\" width=\"1024\" height=\"683\" \/><\/p>\n<p>\u0160i\u0173 met\u0173 \u010dempionate netr\u016bko \u012ftampos ir labiau patyrusiems dviratininkams. Nepaisant ribot\u0173 galimybi\u0173 drauge treniruotis, Vasilijus Lendel, Laurynas Vinskas, Eimantas Vadapalas komandiniame sprinte kov\u0117si i\u0161 paskutini\u0173j\u0173.<\/p>\n<p>Kaip sak\u0117 L. Vinskas, komanda jaut\u0117si tvirtai, nes jau buvo ap\u0161ilusi generalin\u0117je repeticijoje Portugalijoje. Vis d\u0117lto, galutin\u012f rezultat\u0105 nul\u0117m\u0117 ne itin s\u0117kmingas antras ratas \u2013 t\u0105dien trijulei teko 11 vieta i\u0161 12-kos startavusi\u0173.<\/p>\n<p>Keirino rungtyje startavo Vasilijus Lendel ir Laurynas Vinskas. Per kvalifikacij\u0105 tiesiai \u012f pusfinal\u012f sportininkai nepateko, ta\u010diau paguodos va\u017eiavime Laurynas demonstravo lyderyst\u0119. Sportininkas laik\u0117si lyderio pozicijoje, bet dramati\u0161kame vira\u017ee britas j\u012f aplenk\u0117 ir net kliud\u0117 alk\u016bne, o \u0161alia va\u017eiav\u0119s \u010dekas krito.<\/p>\n<p>Nors britas laim\u0117jo va\u017eiavim\u0105, j\u012f pa\u017eemino iki 3 vietos, o Laurynas, teis\u0117j\u0173 sprendimu, tapo paguodos va\u017eiavimo nugal\u0117toju ir pateko tarp 12-os geriausi\u0173j\u0173. Finaliniame va\u017eiavime Laurynas i\u0161kovojo garbing\u0105 10 viet\u0105, o Vasilijus pasidalino 13\u201318 vietas.<\/p>\n<p>Tai buvo ne vienintelis i\u0161\u0161\u016bkis L. Vinskui: prie\u0161 \u010dempionat\u0105 Laurynui teko \u012fveikti u\u017eklupusi\u0105 lig\u0105: \u201eBand\u017eiau kuo grei\u010diau pasveikti, kad gal\u0117\u010diau atiduoti visas j\u0117gas treke\u201c, \u2013 sak\u0117 jis.<\/p>\n<p>Ligos koj\u0105 ki\u0161o ne tik Laurynui: Migl\u0117 Lendel moter\u0173 sprinte t\u0105dien tarp 21 dalyv\u0117s u\u017e\u0117m\u0117 19 viet\u0105 (atsiliko 1.289 sek.), geresniems rezultatams trukd\u0117 prast\u0117janti savijauta, kaip v\u0117liau paai\u0161k\u0117jo, tai buvo gripas, d\u0117l kurio dviratinink\u0117 tur\u0117jo at\u0161aukti pasirodym\u0105 keirino rungtyje.<\/p>\n<h2 id='europos-\u010dempionate-pagerinti-rekordai'><span class=\"ez-toc-section\" id=\"Europos_cempionate_%E2%80%93_pagerinti_rekordai\"><\/span>Europos \u010dempionate \u2013 pagerinti rekordai<span class=\"ez-toc-section-end\"><\/span><\/h2>\n<p><img decoding=\"async\" loading=\"lazy\" class=\"aligncenter\" src=\"https:\/\/ldsf.lt\/wp-content\/uploads\/2025\/02\/480684115_1324078375294029_3372147617589730003_n-1024x683.jpg\" alt=\"\" width=\"1024\" height=\"683\" \/><\/p>\n<p>Ketvirtoji \u010dempionato diena stebino rekordais: oland\u0117 Wouw Heti 1 km laikui kvalifikacijoje pademonstravo ne\u012ftik\u0117tin\u0105 greit\u012f, o v\u0117liau ir finale pagerino pasaulio rekord\u0105 \u2013 1:04,497. Brit\u0117 Anna Moris 4 km persekiojimo lenktyn\u0117se nustebino pasaul\u012f finale pagerinusi rekord\u0105 iki 4:25,874.<\/p>\n<p>I\u0161 viso \u010dempionate dalyvavo 315 stipriausi\u0173 Europos dviratinink\u0173, i\u0161 kuri\u0173 21 peln\u0117 aukso medalius.<\/p>\n<blockquote>\n<p>\u201eNors kiekvienas sportininkas trok\u0161ta laim\u0117ti, o kiekvienas treneris serga u\u017e savo aukl\u0117tinius, d\u017eiugu steb\u0117ti kit\u0173 profesional\u0173 stebinan\u010dius pasiekimus. Tai \u2013 puikus pavyzdys m\u016bs\u0173 jaunimui, kiek daug galima pasiekti, pa\u010diam save aplenkti, jei tikrai sieki savo tikslo\u201c, \u2013 sak\u0117 rinktin\u0117s treneris D. Leopoldas.<\/p>\n<\/blockquote>\n<p>2025 m. Europos treko \u010dempionato prizininkai pasidalijo apie 10 000 Eur siekiant\u012f pinigin\u012f prizin\u012f fond\u0105. Su \u010dempionato prizinink\u0173 s\u0105ra\u0161u galima susipa\u017einti \u010dia.<\/p>\n<p>Europos treko \u010dempionatas \u2013 tai did\u017eiausias dvira\u010di\u0173 treko renginys Europoje, kasmet prad\u0117tas rengti nuo 2010 m. 2012 m. \u010dempionatas vyko Lietuvoje, Panev\u0117\u017eyje.<\/p>\n<p>B\u016btent \u010dia vyk\u0119s \u010dempionatas lietuviams buvo s\u0117kmingiausias: lietuviai \u010dia peln\u0117 net 3 aukso, vien\u0105 sidabro ir du bronzos medalius.<\/p>\n<p>\u0160iemet daugelyje rung\u010di\u0173 va\u017eiav\u0119s Vasilijus Lendel 2020 m. \u0161iame \u010dempionate peln\u0117 bronzos medal\u012f.<\/p>\n<p>I\u0161 viso lietuviai yra peln\u0119 17 Europos treko \u010dempionato elito var\u017eyb\u0173 medali\u0173: 6 aukso, 3 sidabro, 8 bronzos. Pagal pelnyt\u0173 elito medali\u0173 skai\u010di\u0173 Lietuva yra 10 tarp 21 Europos valstyb\u0117s.<\/p>\n<p>\u2022 Publikacija dalinasi Lietuvos region\u0173 naujien\u0173 portalas \u201eMiesto naujienos\u201c. Naujien\u0105 paskelb\u0117 \u201eLietuvos dvira\u010di\u0173 sporto federacija\u201c. Daugiau sau ir savo miestui aktuali\u0173 naujien\u0173 rasite portale www.miestonaujienos.lt.<\/p>\n<p><br \/>\n<br \/><a href=\"https:\/\/miestonaujienos.lt\/europos-treko-cempionate-pirmieji-lietuvos-jaunuju-dviratininku-startai-elite\/\">Source link <\/a><\/p>\n","protected":false},"excerpt":{"rendered":"<p>Vasario 12\u201316 d. Belgijoje vykusiame Europos treko \u010dempionate startavusi Lietuvos dvira\u010di\u0173 rinktin\u0117 s\u0117kmingai baig\u0117 5 dienas trukusias \u012fnirtingas kovas d\u0117l \u010dempion\u0173 vardo. Nors net 3 jaunieji rinktin\u0117s nariai pirm\u0105kart kovojo suaugusi\u0173j\u0173 elito var\u017eybose, o koj\u0105 band\u0117 ki\u0161ti \u016bmios ligos, \u010dempionat\u0105 m\u016bs\u0173 \u0161alies atstovai garbingai baig\u0117 demonstruodami i\u0161tverm\u0119 ir pasis\u0117m\u0119 reikiamos patirties sekantiems sezono startams. Lietuvai [&hellip;]<\/p>\n","protected":false},"author":1,"featured_media":1119,"comment_status":"","ping_status":"","sticky":false,"template":"","format":"standard","meta":{"om_disable_all_campaigns":false,"_monsterinsights_skip_tracking":false,"_monsterinsights_sitenote_active":false,"_monsterinsights_sitenote_note":"","_monsterinsights_sitenote_category":0,"footnotes":""},"categories":[848],"tags":[1130,2336,2338,385,2335,878,1253,2337,2334],"class_list":["post-1118","post","type-post","status-publish","format-standard","has-post-thumbnail","hentry","category-sportas-salyje","tag-cempionate","tag-dviratininku","tag-elite","tag-europos","tag-jaunuju","tag-lietuvos","tag-pirmieji","tag-startai","tag-treko"],"aioseo_notices":[],"_links":{"self":[{"href":"https:\/\/www.stipruskunas.lt\/index.php\/wp-json\/wp\/v2\/posts\/1118","targetHints":{"allow":["GET"]}}],"collection":[{"href":"https:\/\/www.stipruskunas.lt\/index.php\/wp-json\/wp\/v2\/posts"}],"about":[{"href":"https:\/\/www.stipruskunas.lt\/index.php\/wp-json\/wp\/v2\/types\/post"}],"author":[{"embeddable":true,"href":"https:\/\/www.stipruskunas.lt\/index.php\/wp-json\/wp\/v2\/users\/1"}],"replies":[{"embeddable":true,"href":"https:\/\/www.stipruskunas.lt\/index.php\/wp-json\/wp\/v2\/comments?post=1118"}],"version-history":[{"count":0,"href":"https:\/\/www.stipruskunas.lt\/index.php\/wp-json\/wp\/v2\/posts\/1118\/revisions"}],"wp:featuredmedia":[{"embeddable":true,"href":"https:\/\/www.stipruskunas.lt\/index.php\/wp-json\/wp\/v2\/media\/1119"}],"wp:attachment":[{"href":"https:\/\/www.stipruskunas.lt\/index.php\/wp-json\/wp\/v2\/media?parent=1118"}],"wp:term":[{"taxonomy":"category","embeddable":true,"href":"https:\/\/www.stipruskunas.lt\/index.php\/wp-json\/wp\/v2\/categories?post=1118"},{"taxonomy":"post_tag","embeddable":true,"href":"https:\/\/www.stipruskunas.lt\/index.php\/wp-json\/wp\/v2\/tags?post=1118"}],"curies":[{"name":"wp","href":"https:\/\/api.w.org\/{rel}","templated":true}]}}