{"id":1313,"date":"2026-05-03T07:12:03","date_gmt":"2026-05-03T07:12:03","guid":{"rendered":"https:\/\/www.stipruskunas.lt\/index.php\/2026\/05\/03\/craig-bellamy-sveikatos-atnaujinimas-melbourne-storm-treneriui-craigui-bellamy-diagnozuotas-neurodegeneracinis-sutrikimas-sakoma-klubo-pranesime-reakcijoje-ir-pagarboje\/"},"modified":"2026-05-03T07:12:03","modified_gmt":"2026-05-03T07:12:03","slug":"craig-bellamy-sveikatos-atnaujinimas-melbourne-storm-treneriui-craigui-bellamy-diagnozuotas-neurodegeneracinis-sutrikimas-sakoma-klubo-pranesime-reakcijoje-ir-pagarboje","status":"publish","type":"post","link":"https:\/\/www.stipruskunas.lt\/index.php\/2026\/05\/03\/craig-bellamy-sveikatos-atnaujinimas-melbourne-storm-treneriui-craigui-bellamy-diagnozuotas-neurodegeneracinis-sutrikimas-sakoma-klubo-pranesime-reakcijoje-ir-pagarboje\/","title":{"rendered":"Craig Bellamy sveikatos atnaujinimas: \u201eMelbourne Storm\u201c treneriui Craigui Bellamy diagnozuotas neurodegeneracinis sutrikimas, sakoma klubo prane\u0161ime, reakcijoje ir pagarboje"},"content":{"rendered":"<p><\/p>\n<div>\n<p>Regbio lygos pasaulis susiduria su \u201e\u0161ird\u012f draskan\u010diomis\u201c naujienomis, \u201eMelbourne Storm\u201c treneriui Craigui Bellamy buvo diagnozuotas neurodegeneracinis sutrikimas.<\/p>\n<p>NRL klubas \u0161i\u0105 naujien\u0105 paskelb\u0117 ketvirtadienio vakar\u0105, o daugelis Australijos sporto atstov\u0173 netruko palink\u0117ti supertrenerio ir jo \u0161eimos nari\u0173.<\/p>\n<p>\u201eAge\u201c \u017eurnalistas Roy&#8217;us Wardas, daugel\u012f met\u0173 nu\u0161viet\u0119s \u201eStorm\u201c, \u0161i\u0105 naujien\u0105 pavadino \u201etikrai \u0161ird\u012f verian\u010dia\u201c.<\/p>\n<p><strong>SKAITYTI DAUGIAU:<\/strong> <strong>\u201eDidysis nusivylimas\u201c, nes bliuzas trileryje paskandina ka\u0161toninius<\/strong><\/p>\n<p><strong>SKAITYTI DAUGIAU:<\/strong> <strong>Nuo did\u017eiojo finalo iki \u201eg\u0117dingo\u201c \u017eemo lygio: kaip septyni\u0173 m\u0117nesi\u0173 ko\u0161maras nuskandino galing\u0105 audr\u0105<\/strong><strong\/><\/p>\n<p><strong>SKAITYTI DAUGIAU:<\/strong> <strong>Buv\u0119s turo profesionalas ragina Australij\u0105 susigr\u0105\u017einti LIV \u017elugim\u0105 ir visi\u0161kai \u201eperkalibruoti\u201c tvarkara\u0161t\u012f<\/strong><\/p>\n<p>Melburnas teigia, kad diagnoz\u0117 netur\u0117t\u0173 tur\u0117ti \u012ftakos Bellamy vaidmeniui klube artimiausioje ateityje.<\/p>\n<p>\u201eJis gauna geriausi\u0105 \u012fmanom\u0105 gydym\u0105, o specialistai jam patar\u0117, kad jo diagnoz\u0117 artimiausiu metu netur\u0117s \u012ftakos jo geb\u0117jimui treniruoti komand\u0105\u201c, \u2013 sakoma klubo prane\u0161ime.<\/p>\n<p>Bellamy, kaip \u201eStorm\u201c treneris, i\u0161gyvena vien\u0105 sunkiausi\u0173 i\u0161\u0161\u016bki\u0173.<\/p>\n<p>Melburnas pralaim\u0117jo pastar\u0105sias \u0161e\u0161erias rungtynes, apie k\u0105 savo prane\u0161ime u\u017esimin\u0117 pirmininkas Mattas Trippas.<\/p>\n<p>Ta\u010diau Storm bosas palaik\u0117 trener\u012f, kad i\u0161vest\u0173 komand\u0105 i\u0161 v\u0117\u017ei\u0173.<\/p>\n<p>\u201eNepaisant m\u016bs\u0173 pastar\u0173j\u0173 met\u0173 rezultat\u0173, a\u0161 tvirtai tikiu, kad Craigas vis dar treniruoja elitiniu lygiu ir neabejoju, kad jis yra tinkamas \u017emogus, vedantis klub\u0105 \u012f priek\u012f\u201c, \u2013 sak\u0117 Trippas.<\/p>\n<p>Craigas turi visi\u0161k\u0105 valdybos, \u017eaid\u0117j\u0173, treneri\u0173 ir personalo palaikym\u0105, kad gal\u0117t\u0173 toliau vadovauti klubui, kaip jis dar\u0117 pastaruosius 24 sezonus.<\/p>\n<p>Parei\u0161kime taip pat sakoma: \u201eAtsi\u017evelgiant \u012f privat\u0173 diagnoz\u0117s pob\u016bd\u012f, Craigas ir klubas daugiau nieko nekomentuos \u0161iuo klausimu\u201c.<\/p>\n<p><em><strong>\u017di\u016br\u0117kite 2026 m. NRL sezon\u0105 tiesiogiai ir nemokamai per Nine and<\/strong><\/em> <em><strong>9 Dabar<\/strong><\/em><em><strong>.<\/strong><\/em><\/p>\n<figure data-trendii-enabled=\"false\" class=\"sc-yTtWU cbMKW\"><picture><source media=\"(min-width: 1124px)\" srcset=\"https:\/\/static.ffx.io\/images\/$zoom_1%2C$multiply_1%2C$ratio_1.777778%2C$width_4478%2C$x_933%2C$y_551\/t_crop_custom\/c_scale%2Cw_620%2Cq_88%2Cf_auto\/b133e01da95f57aeddb7e0ea46fe7abc15c2aed1, https:\/\/static.ffx.io\/images\/$zoom_1%2C$multiply_1%2C$ratio_1.777778%2C$width_4478%2C$x_933%2C$y_551\/t_crop_custom\/c_scale%2Cw_1240%2Cq_52%2Cf_auto\/b133e01da95f57aeddb7e0ea46fe7abc15c2aed1 2x\"\/><source media=\"(min-width: 1024px)\" srcset=\"https:\/\/static.ffx.io\/images\/$zoom_1%2C$multiply_1%2C$ratio_1.777778%2C$width_4478%2C$x_933%2C$y_551\/t_crop_custom\/c_scale%2Cw_620%2Cq_88%2Cf_auto\/b133e01da95f57aeddb7e0ea46fe7abc15c2aed1, https:\/\/static.ffx.io\/images\/$zoom_1%2C$multiply_1%2C$ratio_1.777778%2C$width_4478%2C$x_933%2C$y_551\/t_crop_custom\/c_scale%2Cw_1240%2Cq_52%2Cf_auto\/b133e01da95f57aeddb7e0ea46fe7abc15c2aed1 2x\"\/><source media=\"(min-width: 768px)\" srcset=\"https:\/\/static.ffx.io\/images\/$zoom_1%2C$multiply_1%2C$ratio_1.777778%2C$width_4478%2C$x_933%2C$y_551\/t_crop_custom\/c_scale%2Cw_696%2Cq_88%2Cf_auto\/b133e01da95f57aeddb7e0ea46fe7abc15c2aed1, https:\/\/static.ffx.io\/images\/$zoom_1%2C$multiply_1%2C$ratio_1.777778%2C$width_4478%2C$x_933%2C$y_551\/t_crop_custom\/c_scale%2Cw_1392%2Cq_52%2Cf_auto\/b133e01da95f57aeddb7e0ea46fe7abc15c2aed1 2x\"\/><\/picture><figcaption>\n<p class=\"_0b53bae146db0b62 _7475dd3391ee1518\" style=\"--text-color:var(--color-text-secondary)\">\u201eMelbourne Storm\u201c treneris Craigas Bellamy. <cite>NRL vaizdai<\/cite><\/p>\n<\/figcaption><\/figure>\n<p>Po savaitgal\u012f \u012fvykusio did\u017eiulio pralaim\u0117jimo Piet\u0173 Sidn\u0117jui Melburne Bellamy sak\u0117, kad tai buvo \u201elabiausiai g\u0117da, kokia man kada nors buvo\u201c po \u201eStorm\u201c rungtyni\u0173.<\/p>\n<p>Kalb\u0117jimas apie plat\u0173j\u012f sporto pasaul\u012f <em>Fredis ir a\u0161tuntasis<\/em>Andrew Johnsas paai\u0161kino, kokia baisi pad\u0117tis buvo Melburne.<\/p>\n<p>\u201eNemanau, kad jie pateks \u012f a\u0161tuntuk\u0105&#8230; jie negali laim\u0117ti (premjeros)\u201c, \u2013 sak\u0117 Johnsas.<\/p>\n<p>&#8222;\u012esivaizduoju, kad tai b\u016bt\u0173 tikrai ne\u0161ioti (Bellamy) ploni. Jis niekada nebuvo u\u017e\u0117m\u0119s \u0161ios pozicijos per savo trenerio karjer\u0105.&#8221;<\/p>\n<p>Bellamy neseniai pri\u0117m\u0117 sprendim\u0105 pasitraukti i\u0161 pareig\u0173 NSW kilm\u0117s valstijos vyr\u0173 komandoje.<\/p>\n<p>Lygos didysis Bradas Fittleris sako, kad \u201eStorm\u201c pad\u0117tis ai\u0161kiai paveik\u0117 trener\u012f.<\/p>\n<p>&#8222;Jis n\u0117ra jaunas. \u0160iuo metu yra daug dalyk\u0173, kurie imt\u0173 savo koj\u0105&#8221;, &#8211; sak\u0117 Fittleris.<\/p>\n<figure data-trendii-enabled=\"false\" class=\"sc-yTtWU cbMKW\"><picture><source media=\"(min-width: 1124px)\" srcset=\"https:\/\/static.ffx.io\/images\/$zoom_1%2C$multiply_1%2C$ratio_1.5%2C$width_8046%2C$x_0%2C$y_0\/t_crop_custom\/c_scale%2Cw_620%2Cq_88%2Cf_auto\/f543355d2bbfb0e601c103853d0097e44765ce86, https:\/\/static.ffx.io\/images\/$zoom_1%2C$multiply_1%2C$ratio_1.5%2C$width_8046%2C$x_0%2C$y_0\/t_crop_custom\/c_scale%2Cw_1240%2Cq_52%2Cf_auto\/f543355d2bbfb0e601c103853d0097e44765ce86 2x\"\/><source media=\"(min-width: 1024px)\" srcset=\"https:\/\/static.ffx.io\/images\/$zoom_1%2C$multiply_1%2C$ratio_1.5%2C$width_8046%2C$x_0%2C$y_0\/t_crop_custom\/c_scale%2Cw_620%2Cq_88%2Cf_auto\/f543355d2bbfb0e601c103853d0097e44765ce86, https:\/\/static.ffx.io\/images\/$zoom_1%2C$multiply_1%2C$ratio_1.5%2C$width_8046%2C$x_0%2C$y_0\/t_crop_custom\/c_scale%2Cw_1240%2Cq_52%2Cf_auto\/f543355d2bbfb0e601c103853d0097e44765ce86 2x\"\/><source media=\"(min-width: 768px)\" srcset=\"https:\/\/static.ffx.io\/images\/$zoom_1%2C$multiply_1%2C$ratio_1.5%2C$width_8046%2C$x_0%2C$y_0\/t_crop_custom\/c_scale%2Cw_696%2Cq_88%2Cf_auto\/f543355d2bbfb0e601c103853d0097e44765ce86, https:\/\/static.ffx.io\/images\/$zoom_1%2C$multiply_1%2C$ratio_1.5%2C$width_8046%2C$x_0%2C$y_0\/t_crop_custom\/c_scale%2Cw_1392%2Cq_52%2Cf_auto\/f543355d2bbfb0e601c103853d0097e44765ce86 2x\"\/><img decoding=\"async\" src=\"https:\/\/static.ffx.io\/images\/$zoom_1%2C$multiply_1%2C$ratio_1.5%2C$width_8046%2C$x_0%2C$y_0\/t_crop_custom\/c_scale%2Cw_620%2Cq_88%2Cf_auto\/f543355d2bbfb0e601c103853d0097e44765ce86\" srcset=\"https:\/\/static.ffx.io\/images\/$zoom_1%2C$multiply_1%2C$ratio_1.5%2C$width_8046%2C$x_0%2C$y_0\/t_crop_custom\/c_scale%2Cw_382%2Cq_88%2Cf_auto\/f543355d2bbfb0e601c103853d0097e44765ce86, https:\/\/static.ffx.io\/images\/$zoom_1%2C$multiply_1%2C$ratio_1.5%2C$width_8046%2C$x_0%2C$y_0\/t_crop_custom\/c_scale%2Cw_764%2Cq_52%2Cf_auto\/f543355d2bbfb0e601c103853d0097e44765ce86 2x\" width=\"100%\"\/><\/picture><figcaption>\n<p class=\"_0b53bae146db0b62 _7475dd3391ee1518\" style=\"--text-color:var(--color-text-secondary)\">Craigas Bellamy ir Laurie Daley pra\u0117jusiais metais. <cite>NRL vaizdai<\/cite><\/p>\n<\/figcaption><\/figure>\n<p>Su Bellamy buvo sudaryta sutartis Melburno treneriu iki 2028 met\u0173 pabaigos, o vasar\u012f jis pasira\u0161\u0117 nauj\u0105 sutart\u012f.<\/p>\n<p>66-eri\u0173 futbolininkas penktadienio vakar\u0105 Suncorp stadione \u017eais 614-\u0105sias rungtynes \u200b\u200bkaip NRL vyriausiasis treneris.<\/p>\n<p>Tik Wayne&#8217;as Bennettas ir Timas Sheensas yra suskai\u010diav\u0119 daugiau \u017eaidim\u0173 kaip vyriausiasis treneris pirmoje Australijos klas\u0117je.<\/p>\n<p>Melburnas laim\u0117jo tris teis\u0117tas pirmenybes vadovaujant Bellamy, kuris prie\u0161 2003 met\u0173 sezon\u0105 Viktorijos laik\u0173 klube prad\u0117jo vyriausiojo trenerio pareigas.<\/p>\n<p>\u201eThe Storm\u201c pastar\u0105j\u0105 pirmenyb\u0119 laim\u0117jo 2020 m., \u012fveikdama \u201ePanthers\u201c 26:20.<\/p>\n<p>Bellamy rekordi\u0161kai septynis kartus \u2013 2006, 2007, 2011, 2017, 2019, 2021 ir 2024 m. \u2013 laim\u0117jo Dally M met\u0173 trenerio titul\u0105.<\/p>\n<p>Melburnas po a\u0161tuoni\u0173 2026 m. tur\u0173 yra 16-oje vietoje, i\u0161kovoj\u0119s dvi pergales ir keturis kartus pralaim\u0117j\u0119s.<\/p>\n<\/div>\n<p><a href=\"https:\/\/wwos.nine.com.au\/nrl\/news-2026-craig-bellamy-neurodegenerative-disorder-health-melbourne-storm-coach-club-statement\/2c0afeda-1b13-4c44-acdb-458125d6de20\"> Nuoroda \u012f informacijos \u0161altin\u012f <\/a><\/p>\n","protected":false},"excerpt":{"rendered":"<p>Regbio lygos pasaulis susiduria su \u201e\u0161ird\u012f draskan\u010diomis\u201c naujienomis, \u201eMelbourne Storm\u201c treneriui Craigui Bellamy buvo diagnozuotas neurodegeneracinis sutrikimas. NRL klubas \u0161i\u0105 naujien\u0105 paskelb\u0117 ketvirtadienio vakar\u0105, o daugelis Australijos sporto atstov\u0173 netruko palink\u0117ti supertrenerio ir jo \u0161eimos nari\u0173. \u201eAge\u201c \u017eurnalistas Roy&#8217;us Wardas, daugel\u012f met\u0173 nu\u0161viet\u0119s \u201eStorm\u201c, \u0161i\u0105 naujien\u0105 pavadino \u201etikrai \u0161ird\u012f verian\u010dia\u201c. SKAITYTI DAUGIAU: \u201eDidysis nusivylimas\u201c, nes [&hellip;]<\/p>\n","protected":false},"author":1,"featured_media":1314,"comment_status":"","ping_status":"","sticky":false,"template":"","format":"standard","meta":{"om_disable_all_campaigns":false,"_monsterinsights_skip_tracking":false,"_monsterinsights_sitenote_active":false,"_monsterinsights_sitenote_note":"","_monsterinsights_sitenote_category":0,"footnotes":""},"categories":[3],"tags":[581,527,2134,2732,2733,2409,467,2734,2739,2737,2738,2736,468,2735,372,2731],"class_list":["post-1313","post","type-post","status-publish","format-standard","has-post-thumbnail","hentry","category-sportas","tag-atnaujinimas","tag-bellamy","tag-craig","tag-craigui","tag-diagnozuotas","tag-klubo","tag-melbourne","tag-neurodegeneracinis","tag-pagarboje","tag-pranesime","tag-reakcijoje","tag-sakoma","tag-storm","tag-sutrikimas","tag-sveikatos","tag-treneriui"],"aioseo_notices":[],"_links":{"self":[{"href":"https:\/\/www.stipruskunas.lt\/index.php\/wp-json\/wp\/v2\/posts\/1313","targetHints":{"allow":["GET"]}}],"collection":[{"href":"https:\/\/www.stipruskunas.lt\/index.php\/wp-json\/wp\/v2\/posts"}],"about":[{"href":"https:\/\/www.stipruskunas.lt\/index.php\/wp-json\/wp\/v2\/types\/post"}],"author":[{"embeddable":true,"href":"https:\/\/www.stipruskunas.lt\/index.php\/wp-json\/wp\/v2\/users\/1"}],"replies":[{"embeddable":true,"href":"https:\/\/www.stipruskunas.lt\/index.php\/wp-json\/wp\/v2\/comments?post=1313"}],"version-history":[{"count":0,"href":"https:\/\/www.stipruskunas.lt\/index.php\/wp-json\/wp\/v2\/posts\/1313\/revisions"}],"wp:featuredmedia":[{"embeddable":true,"href":"https:\/\/www.stipruskunas.lt\/index.php\/wp-json\/wp\/v2\/media\/1314"}],"wp:attachment":[{"href":"https:\/\/www.stipruskunas.lt\/index.php\/wp-json\/wp\/v2\/media?parent=1313"}],"wp:term":[{"taxonomy":"category","embeddable":true,"href":"https:\/\/www.stipruskunas.lt\/index.php\/wp-json\/wp\/v2\/categories?post=1313"},{"taxonomy":"post_tag","embeddable":true,"href":"https:\/\/www.stipruskunas.lt\/index.php\/wp-json\/wp\/v2\/tags?post=1313"}],"curies":[{"name":"wp","href":"https:\/\/api.w.org\/{rel}","templated":true}]}}