{"id":158,"date":"2024-08-10T06:50:33","date_gmt":"2024-08-10T06:50:33","guid":{"rendered":"https:\/\/www.stipruskunas.lt\/index.php\/2024\/08\/10\/siaures-melburnas-tarryn-thomas-sent-kilda-afl-gelbejimo-linija-slaptas-pietu-susitikimas-pasalintas-is-saraso\/"},"modified":"2024-08-10T06:50:33","modified_gmt":"2024-08-10T06:50:33","slug":"siaures-melburnas-tarryn-thomas-sent-kilda-afl-gelbejimo-linija-slaptas-pietu-susitikimas-pasalintas-is-saraso","status":"publish","type":"post","link":"https:\/\/www.stipruskunas.lt\/index.php\/2024\/08\/10\/siaures-melburnas-tarryn-thomas-sent-kilda-afl-gelbejimo-linija-slaptas-pietu-susitikimas-pasalintas-is-saraso\/","title":{"rendered":"\u0160iaur\u0117s Melburnas, Tarryn Thomas, Sent Kilda, AFL gelb\u0117jimo linija, slaptas piet\u0173 susitikimas, pa\u0161alintas i\u0161 s\u0105ra\u0161o"},"content":{"rendered":"<p> <br \/>\n<\/p>\n<div>\n<p><a href=\"https:\/\/www.nine.com.au\/topic\/st-kilda-saints-5so\" rel=\"noopener noreferrer nofollow\" target=\"_blank\" class=\"sc-klVQSN SYqjl\">Sent Kilda<\/a> sugriov\u0117 bet kokias perspektyvas, kuri\u0173 klubas sieks paniekinto buvusio <a href=\"https:\/\/www.nine.com.au\/topic\/north-melbourne-kangaroos-5sl\" rel=\"noopener noreferrer nofollow\" target=\"_blank\" class=\"sc-klVQSN SYqjl\">\u0160iaur\u0117s Melburnas<\/a> \u017eaid\u0117jas <a href=\"https:\/\/www.nine.com.au\/person\/tarryn-thomas-6fug\" rel=\"noopener noreferrer nofollow\" target=\"_blank\" class=\"sc-klVQSN SYqjl\">Tarrynas Tomas<\/a>.<\/p>\n<p>Tomas tur\u0117jo <a href=\"https:\/\/www.nine.com.au\/sport\/afl\/news-2024-tarryn-thomas-st-kilda-north-melbourne-court-case-lunch-meeting-delisted-20240807-p5k0k7.html\" rel=\"noopener noreferrer nofollow\" target=\"_blank\" class=\"sc-klVQSN SYqjl\">piet\u016bs su St Kilda s\u0105ra\u0161o vadovu Graeme&#8217;u Allenu Karltone antradien\u012f<\/a>pasak 9News Melbourne.<\/p>\n<p>Jiedu susitiko Lygon gatv\u0117je, o \u0161ventieji patvirtino, kad piet\u016bs tikrai \u012fvyko.<\/p>\n<p><strong>TIESIOGIAI ATNAUJINIAI:<\/strong> <a href=\"https:\/\/www.nine.com.au\/sport\/olympics\/paris-2024-live-updates-day-13-latest-news-headlines-20240808-p5k0s7.html\" rel=\"noopener noreferrer nofollow\" target=\"_blank\" class=\"sc-klVQSN SYqjl\"><strong>Sekite visus veiksmus nuo 13 dienos<\/strong><\/a><\/p>\n<p><strong>SKAITYTI DAUGIAU:<\/strong> <a href=\"https:\/\/www.nine.com.au\/sport\/olympics\/paris-2024-news-keegan-palmer-skateboard-australia-gold-medal-vs-usa-childhood-life-20240808-p5k0nf.html\" rel=\"noopener noreferrer nofollow\" target=\"_blank\" class=\"sc-klVQSN SYqjl\"><strong>\u201eEsu skolingas Australijai\u201c: kod\u0117l aukso medalio laim\u0117tojas nuskriejo JAV<\/strong><\/a><\/p>\n<p><strong>SKAITYTI DAUGIAU:<\/strong> <a href=\"https:\/\/www.nine.com.au\/sport\/olympics\/paris-2024-jessica-fox-australia-canoe-kayak-gold-medallist-plans-future-interview-20240808-p5k0ry.html\" rel=\"noopener noreferrer nofollow\" target=\"_blank\" class=\"sc-klVQSN SYqjl\"><strong>\u201eTikrai ne\u201c: \u201eFox\u201c labai ragina olimpin\u0119 ateit\u012f<\/strong><\/a><\/p>\n<p>2024 m. sezono i\u0161vakar\u0117se <a href=\"https:\/\/wwos.nine.com.au\/afl\/news-2024-tarryn-thomas-sacked-by-north-melbourne-kangaroos\/d08bc739-68e5-4daa-adea-501fb2f2d8e4\" rel=\"noopener noreferrer nofollow\" target=\"_blank\" class=\"sc-klVQSN SYqjl\">\u201eKeng\u016bros\u201c nukirto b\u0117d\u0173 turint\u012f \u017eaid\u0117j\u0105 po to, kai i\u0161 prad\u017ei\u0173 lygos buvo diskvalifikuotas 18 rungtyni\u0173<\/a> u\u017e tariam\u0105 netinkam\u0105 elges\u012f su moterimis.<\/p>\n<p>Thomasas did\u017ei\u0105j\u0105 2023 met\u0173 sezono dal\u012f taip pat \u0161oktel\u0117jo nuo gin\u010d\u0173 iki gin\u010d\u0173, ta\u010diau v\u0117l buvo siejamas su kitu var\u017eov\u0173 klubu.<\/p>\n<figure class=\"sc-jsFsvH eLtQJz\"><picture><source media=\"(min-width: 1124px)\" srcset=\"https:\/\/static.ffx.io\/images\/$zoom_1%2C$multiply_1%2C$ratio_1.777778%2C$width_2237%2C$x_0%2C$y_136\/t_crop_custom\/c_scale%2Cw_620%2Cq_88%2Cf_auto\/d629df54116ad31ebadae20d5dfca0eb86e2c887, https:\/\/static.ffx.io\/images\/$zoom_1%2C$multiply_1%2C$ratio_1.777778%2C$width_2237%2C$x_0%2C$y_136\/t_crop_custom\/c_scale%2Cw_1240%2Cq_52%2Cf_auto\/d629df54116ad31ebadae20d5dfca0eb86e2c887 2x\"\/><source media=\"(min-width: 1024px)\" srcset=\"https:\/\/static.ffx.io\/images\/$zoom_1%2C$multiply_1%2C$ratio_1.777778%2C$width_2237%2C$x_0%2C$y_136\/t_crop_custom\/c_scale%2Cw_620%2Cq_88%2Cf_auto\/d629df54116ad31ebadae20d5dfca0eb86e2c887, https:\/\/static.ffx.io\/images\/$zoom_1%2C$multiply_1%2C$ratio_1.777778%2C$width_2237%2C$x_0%2C$y_136\/t_crop_custom\/c_scale%2Cw_1240%2Cq_52%2Cf_auto\/d629df54116ad31ebadae20d5dfca0eb86e2c887 2x\"\/><source media=\"(min-width: 768px)\" srcset=\"https:\/\/static.ffx.io\/images\/$zoom_1%2C$multiply_1%2C$ratio_1.777778%2C$width_2237%2C$x_0%2C$y_136\/t_crop_custom\/c_scale%2Cw_696%2Cq_88%2Cf_auto\/d629df54116ad31ebadae20d5dfca0eb86e2c887, https:\/\/static.ffx.io\/images\/$zoom_1%2C$multiply_1%2C$ratio_1.777778%2C$width_2237%2C$x_0%2C$y_136\/t_crop_custom\/c_scale%2Cw_1392%2Cq_52%2Cf_auto\/d629df54116ad31ebadae20d5dfca0eb86e2c887 2x\"\/><img decoding=\"async\" alt=\"Tarrynas Tomas\" src=\"https:\/\/static.ffx.io\/images\/$zoom_1%2C$multiply_1%2C$ratio_1.777778%2C$width_2237%2C$x_0%2C$y_136\/t_crop_custom\/c_scale%2Cw_620%2Cq_88%2Cf_auto\/d629df54116ad31ebadae20d5dfca0eb86e2c887\" srcset=\"https:\/\/static.ffx.io\/images\/$zoom_1%2C$multiply_1%2C$ratio_1.777778%2C$width_2237%2C$x_0%2C$y_136\/t_crop_custom\/c_scale%2Cw_382%2Cq_88%2Cf_auto\/d629df54116ad31ebadae20d5dfca0eb86e2c887, https:\/\/static.ffx.io\/images\/$zoom_1%2C$multiply_1%2C$ratio_1.777778%2C$width_2237%2C$x_0%2C$y_136\/t_crop_custom\/c_scale%2Cw_764%2Cq_52%2Cf_auto\/d629df54116ad31ebadae20d5dfca0eb86e2c887 2x\" width=\"100%\"\/><\/picture><figcaption>\n<p class=\"sc-gpbahA bkXaQR\">Tarrynas Thomasas per \u201eKeng\u016bros\u201c treniruot\u0119 2023 m. <cite>Getty<\/cite><\/p>\n<\/figcaption><\/figure>\n<p>Tai \u012fvyko po to, kai Geelongas ir Essendonas buvo tarp klub\u0173, kurie sezono prad\u017eioje i\u0161rei\u0161k\u0117 susidom\u0117jim\u0105 Thomaso futbolo sugeb\u0117jimais.<\/p>\n<p>Ta\u010diau dabar \u201eSaints\u201c generalinis direktorius Carlas Dilena klubo vardu paskelb\u0117 parei\u0161kim\u0105, paai\u0161kindamas savo pozicij\u0105 d\u0117l Thomaso.<\/p>\n<p>\u201eNoriu paai\u0161kinti m\u016bs\u0173 klubo pozicij\u0105 d\u0117l kontakto tarp klubo darbuotojo ir buvusio \u0160iaur\u0117s Melburno \u017eaid\u0117jo Tarryno Thomaso\u201c, \u2013 sakoma Dilenos prane\u0161ime.<\/p>\n<p>\u201eFutbolo skyrius siekia daugyb\u0117s \u017eaid\u0117j\u0173, nes m\u016bs\u0173 darbas yra surasti geriausi\u0105 talent\u0105, kuris tikt\u0173 m\u016bs\u0173 komandai ir klubui.<\/p>\n<figure class=\"sc-jsFsvH eLtQJz\"><picture><source media=\"(min-width: 1124px)\" srcset=\"https:\/\/static.ffx.io\/images\/$zoom_1%2C$multiply_1%2C$ratio_1.5%2C$width_3548%2C$x_0%2C$y_0\/t_crop_custom\/c_scale%2Cw_620%2Cq_88%2Cf_auto\/229a9309f4b9e91da2dbee4776f25f67246234a7, https:\/\/static.ffx.io\/images\/$zoom_1%2C$multiply_1%2C$ratio_1.5%2C$width_3548%2C$x_0%2C$y_0\/t_crop_custom\/c_scale%2Cw_1240%2Cq_52%2Cf_auto\/229a9309f4b9e91da2dbee4776f25f67246234a7 2x\"\/><source media=\"(min-width: 1024px)\" srcset=\"https:\/\/static.ffx.io\/images\/$zoom_1%2C$multiply_1%2C$ratio_1.5%2C$width_3548%2C$x_0%2C$y_0\/t_crop_custom\/c_scale%2Cw_620%2Cq_88%2Cf_auto\/229a9309f4b9e91da2dbee4776f25f67246234a7, https:\/\/static.ffx.io\/images\/$zoom_1%2C$multiply_1%2C$ratio_1.5%2C$width_3548%2C$x_0%2C$y_0\/t_crop_custom\/c_scale%2Cw_1240%2Cq_52%2Cf_auto\/229a9309f4b9e91da2dbee4776f25f67246234a7 2x\"\/><source media=\"(min-width: 768px)\" srcset=\"https:\/\/static.ffx.io\/images\/$zoom_1%2C$multiply_1%2C$ratio_1.5%2C$width_3548%2C$x_0%2C$y_0\/t_crop_custom\/c_scale%2Cw_696%2Cq_88%2Cf_auto\/229a9309f4b9e91da2dbee4776f25f67246234a7, https:\/\/static.ffx.io\/images\/$zoom_1%2C$multiply_1%2C$ratio_1.5%2C$width_3548%2C$x_0%2C$y_0\/t_crop_custom\/c_scale%2Cw_1392%2Cq_52%2Cf_auto\/229a9309f4b9e91da2dbee4776f25f67246234a7 2x\"\/><img decoding=\"async\" alt=\"Talent\u0173 ir \u012fsigijim\u0173 skyriaus vadovas Graeme'as Allanas ir s\u0105ra\u0161o vadovas Stephenas Silvagni stebisi per mokymus Sent Kildoje 2024 m. vasario m\u0117n.\" src=\"https:\/\/static.ffx.io\/images\/$zoom_1%2C$multiply_1%2C$ratio_1.5%2C$width_3548%2C$x_0%2C$y_0\/t_crop_custom\/c_scale%2Cw_620%2Cq_88%2Cf_auto\/229a9309f4b9e91da2dbee4776f25f67246234a7\" srcset=\"https:\/\/static.ffx.io\/images\/$zoom_1%2C$multiply_1%2C$ratio_1.5%2C$width_3548%2C$x_0%2C$y_0\/t_crop_custom\/c_scale%2Cw_382%2Cq_88%2Cf_auto\/229a9309f4b9e91da2dbee4776f25f67246234a7, https:\/\/static.ffx.io\/images\/$zoom_1%2C$multiply_1%2C$ratio_1.5%2C$width_3548%2C$x_0%2C$y_0\/t_crop_custom\/c_scale%2Cw_764%2Cq_52%2Cf_auto\/229a9309f4b9e91da2dbee4776f25f67246234a7 2x\" width=\"100%\"\/><\/picture><figcaption>\n<p class=\"sc-gpbahA bkXaQR\">Talent\u0173 ir \u012fsigijim\u0173 skyriaus vadovas Graeme&#8217;as Allanas ir s\u0105ra\u0161o vadovas Stephenas Silvagni stebisi per mokymus Sent Kildoje 2024 m. vasario m\u0117n. <cite>Getty<\/cite><\/p>\n<\/figcaption><\/figure>\n<p>\u2013 Atlik\u0119s deramo patikrinimo kurs\u0105, galiu patvirtinti, kad Sent Kilda nesieks Tarryn Thomas.<\/p>\n<p>Toks parei\u0161kimas buvo paskelbtas po to, kai \u201eSaints\u201c treneris Rossas Lyonas per savo savaitin\u0119 spaudos konferencij\u0105 ignoravo klausimus apie Thomas\u0105.<\/p>\n<p>Tomas \u012f teism\u0105 stos lapkri\u010dio 21 d.<\/p>\n<\/div>\n<p><br \/>\n<br \/><a href=\"https:\/\/wwos.nine.com.au\/afl\/news-2024-st-kilda-shut-down-pursuit-of-disgraced-ex-north-melbourne-player-tarryn-thomas\/8911fb38-e815-4b3e-bd46-227693201689\">Source link <\/a><\/p>\n","protected":false},"excerpt":{"rendered":"<p>Sent Kilda sugriov\u0117 bet kokias perspektyvas, kuri\u0173 klubas sieks paniekinto buvusio \u0160iaur\u0117s Melburnas \u017eaid\u0117jas Tarrynas Tomas. Tomas tur\u0117jo piet\u016bs su St Kilda s\u0105ra\u0161o vadovu Graeme&#8217;u Allenu Karltone antradien\u012fpasak 9News Melbourne. Jiedu susitiko Lygon gatv\u0117je, o \u0161ventieji patvirtino, kad piet\u016bs tikrai \u012fvyko. TIESIOGIAI ATNAUJINIAI: Sekite visus veiksmus nuo 13 dienos SKAITYTI DAUGIAU: \u201eEsu skolingas Australijai\u201c: kod\u0117l [&hellip;]<\/p>\n","protected":false},"author":1,"featured_media":159,"comment_status":"open","ping_status":"open","sticky":false,"template":"","format":"standard","meta":{"om_disable_all_campaigns":false,"_monsterinsights_skip_tracking":false,"_monsterinsights_sitenote_active":false,"_monsterinsights_sitenote_note":"","_monsterinsights_sitenote_category":0,"footnotes":""},"categories":[3],"tags":[],"class_list":["post-158","post","type-post","status-publish","format-standard","has-post-thumbnail","hentry","category-sportas"],"aioseo_notices":[],"_links":{"self":[{"href":"https:\/\/www.stipruskunas.lt\/index.php\/wp-json\/wp\/v2\/posts\/158","targetHints":{"allow":["GET"]}}],"collection":[{"href":"https:\/\/www.stipruskunas.lt\/index.php\/wp-json\/wp\/v2\/posts"}],"about":[{"href":"https:\/\/www.stipruskunas.lt\/index.php\/wp-json\/wp\/v2\/types\/post"}],"author":[{"embeddable":true,"href":"https:\/\/www.stipruskunas.lt\/index.php\/wp-json\/wp\/v2\/users\/1"}],"replies":[{"embeddable":true,"href":"https:\/\/www.stipruskunas.lt\/index.php\/wp-json\/wp\/v2\/comments?post=158"}],"version-history":[{"count":0,"href":"https:\/\/www.stipruskunas.lt\/index.php\/wp-json\/wp\/v2\/posts\/158\/revisions"}],"wp:featuredmedia":[{"embeddable":true,"href":"https:\/\/www.stipruskunas.lt\/index.php\/wp-json\/wp\/v2\/media\/159"}],"wp:attachment":[{"href":"https:\/\/www.stipruskunas.lt\/index.php\/wp-json\/wp\/v2\/media?parent=158"}],"wp:term":[{"taxonomy":"category","embeddable":true,"href":"https:\/\/www.stipruskunas.lt\/index.php\/wp-json\/wp\/v2\/categories?post=158"},{"taxonomy":"post_tag","embeddable":true,"href":"https:\/\/www.stipruskunas.lt\/index.php\/wp-json\/wp\/v2\/tags?post=158"}],"curies":[{"name":"wp","href":"https:\/\/api.w.org\/{rel}","templated":true}]}}